{"id":184,"__str__":"Elei\u00e7\u00e3o de Membro(s) da Mesa Diretora n\u00ba 1 de 2026","link_detail_backend":"/materia/184","metadata":{},"numero":1,"ano":2026,"numero_protocolo":null,"data_apresentacao":"2026-01-06","tipo_apresentacao":"E","data_publicacao":null,"numero_origem_externa":"","ano_origem_externa":null,"data_origem_externa":null,"apelido":"","dias_prazo":null,"data_fim_prazo":null,"em_tramitacao":false,"polemica":false,"objeto":"","complementar":false,"ementa":"Elei\u00e7\u00e3o para o cargo vago de Presidente da Mesa Diretora da C\u00e2mara Municipal de Magda, para o t\u00e9rmino do bi\u00eanio 2025/2026.","indexacao":"","observacao":"","resultado":"","texto_original":null,"data_ultima_atualizacao":"2026-01-07T13:06:12.942549-03:00","ip":"45.173.134.210","ultima_edicao":"2026-01-05T16:03:55.563163-03:00","tipo":23,"regime_tramitacao":2,"tipo_origem_externa":null,"local_origem_externa":null,"user":2,"anexadas":[],"autores":[18]}